{"id":1056,"date":"2015-12-26T22:36:39","date_gmt":"2015-12-26T21:36:39","guid":{"rendered":"https:\/\/www.lamaisondekarenchocolat.com\/?p=1056"},"modified":"2019-11-09T20:12:43","modified_gmt":"2019-11-09T19:12:43","slug":"interview-en-direct-du-salon-du-chocolat","status":"publish","type":"post","link":"https:\/\/www.lamaisondekarenchocolat.com\/en\/2015\/12\/interview-en-direct-du-salon-du-chocolat\/","title":{"rendered":"Interview en direct du salon du chocolat"},"content":{"rendered":"<section class=\"wpb-content-wrapper\">[vc_row][vc_column]<div id=\"ultimate-heading-46869ef955a7927a\" class=\"uvc-heading ult-adjust-bottom-margin ultimate-heading-46869ef955a7927a uvc-9570 \" data-hspacer=\"no_spacer\"  data-halign=\"center\" style=\"text-align:center\"><div class=\"uvc-heading-spacer no_spacer\" style=\"top\"><\/div><div class=\"uvc-main-heading ult-responsive\"  data-ultimate-target='.uvc-heading.ultimate-heading-46869ef955a7927a h2'  data-responsive-json-new='{\"font-size\":\"\",\"line-height\":\"\"}' ><h2 style=\"font-family:&#039;Arapey&#039;;font-weight:normal;\">LE CONCEPT DE LA MAISON DE KAREN CHOCOLAT<\/h2><\/div><\/div><div class=\"ult-spacer spacer-69ef955a792e4\" data-id=\"69ef955a792e4\" data-height=\"30\" data-height-mobile=\"15\" data-height-tab=\"10\" data-height-tab-portrait=\"20\" data-height-mobile-landscape=\"5\" style=\"clear:both;display:block;\"><\/div>[vc_row_inner equal_height=&#8221;yes&#8221; content_placement=&#8221;top&#8221; gap=&#8221;10&#8243;][vc_column_inner width=&#8221;1\/2&#8243;][vc_column_text]\n<p style=\"text-align: justify;\">Cette ann\u00e9e en novembre, j\u2019ai eu la chance de pouvoir exposer au Salon du Chocolat \u00e0 Lyon. L\u2019occasion pour moi de faire d\u00e9couvrir mon travail aux Lyonnais et d\u2019\u00e9duquer les visiteurs \u00e0 la d\u00e9gustation au travers d\u2019un cours de cacaologie.<\/p>\n<p style=\"text-align: justify;\">Rep\u00e9r\u00e9e par un journaliste de Pluriel, voici l\u2019interview pass\u00e9 le 24 d\u00e9cembre.<\/p>\n<p style=\"text-align: justify;\">Bonnes f\u00eates de fin d\u2019ann\u00e9e !<\/p>\n[\/vc_column_text][vc_column_text]\n<p style=\"text-align: justify; font-size: 26pt; line-height: 34pt;\">\u00c9coutez Karen Chocolat dans l&#8217;\u00e9mission &#8220;l\u2019agenda express&#8221; du jeudi 24 D\u00e9cembre \u00e0 17h30 sur les ondes de la radio Pluriel.<\/p>\n[\/vc_column_text][\/vc_column_inner][vc_column_inner width=&#8221;1\/2&#8243;][vc_single_image image=&#8221;1064&#8243; img_size=&#8221;full&#8221; alignment=&#8221;center&#8221; css=&#8221;.vc_custom_1537095492813{margin-top: 10px !important;}&#8221;][vc_column_text]\n<!--[if lt IE 9]><script>document.createElement('audio');<\/script><![endif]-->\n\t<div class=\"wp-playlist wp-audio-playlist wp-playlist-light\">\n\t\t\t<div class=\"wp-playlist-current-item\"><\/div>\n\t\t<audio controls=\"controls\" preload=\"none\" width=\"918\"\n\t\t\t><\/audio>\n\t<div class=\"wp-playlist-next\"><\/div>\n\t<div class=\"wp-playlist-prev\"><\/div>\n\t<noscript>\n\t<ol>\n\t\t<li><a href='https:\/\/www.lamaisondekarenchocolat.com\/wp-content\/uploads\/lagenda-express-jeudi-24-D\u00e9cembre-17h30.mp3'>Interview Karen Chocolat radio Pluriel<\/a><\/li>\t<\/ol>\n\t<\/noscript>\n\t<script type=\"application\/json\" class=\"wp-playlist-script\">{\"type\":\"audio\",\"tracklist\":true,\"tracknumbers\":true,\"images\":true,\"artists\":true,\"tracks\":[{\"src\":\"https:\\\/\\\/www.lamaisondekarenchocolat.com\\\/wp-content\\\/uploads\\\/lagenda-express-jeudi-24-D\\u00e9cembre-17h30.mp3\",\"type\":\"audio\\\/mpeg\",\"title\":\"Interview Karen Chocolat radio Pluriel\",\"caption\":\"Interview Karen Chocolat radio Pluriel\",\"description\":\"<i>Interview Karen Chocolat radio Pluriel<\\\/i>.\",\"meta\":{\"artist\":\"Karen Chocolat\",\"album\":\"Radio Pluriel\",\"length_formatted\":\"3:11\"},\"image\":{\"src\":\"https:\\\/\\\/www.lamaisondekarenchocolat.com\\\/wp-includes\\\/images\\\/media\\\/audio.svg\",\"width\":48,\"height\":64},\"thumb\":{\"src\":\"https:\\\/\\\/www.lamaisondekarenchocolat.com\\\/wp-includes\\\/images\\\/media\\\/audio.svg\",\"width\":48,\"height\":64}}]}<\/script>\n<\/div>\n\t\n[\/vc_column_text][\/vc_column_inner][\/vc_row_inner][\/vc_column][\/vc_row][vc_row css=&#8221;.vc_custom_1537077103676{padding-top: 3% !important;padding-bottom: 3% !important;}&#8221;][vc_column]<div class=\" vc_custom_1537077551269 ubtn-ctn-center bouton-details-honey\"><a class=\"ubtn-link ult-adjust-bottom-margin ubtn-center ubtn-large bouton-details-honey\" href=\"\/ateliers\/\" title=\"VOIR MES ATELIERS\" ><button type=\"button\" id=\"ubtn-6483\"  class=\"ubtn ult-adjust-bottom-margin ult-responsive ubtn-large ubtn-center-dg-bg  none  ubtn-shd  ubtn-center  shd-bottom tooltip-69ef955a79ac8\"  data-hover=\"#482819\" data-border-color=\"#85a9aa\" data-bg=\"#7a9c9d\" data-hover-bg=\"#ffffff\" data-border-hover=\"#ffffff\" data-shadow-hover=\"0 3px #e8e8e8;\" data-shadow-click=\"\" data-shadow=\"0 5px #d6d6d6;\" data-shd-shadow=\"5\"  data-ultimate-target='#ubtn-6483'  data-responsive-json-new='{\"font-size\":\"desktop:20px;\",\"line-height\":\"desktop:22px;\"}'  style=\"font-family:&#039;Yanone Kaffeesatz&#039;;font-weight:normal;border-radius:5px;border-width:2px;border-color:#85a9aa;border-style:outset;box-shadow: 0 5px #d6d6d6;background: #7a9c9d;color: #482819;\"><span class=\"ubtn-data ubtn-icon\"><i class=\"none\" style=\"font-size:32px;color:#ffffff;\"><\/i><\/span><span class=\"ubtn-hover\" style=\"background-color:#ffffff\"><\/span><span class=\"ubtn-data ubtn-text \" >VOIR MES ATELIERS<\/span><\/button><\/a><\/div>[\/vc_column][\/vc_row][vc_row][vc_column][vc_column_text]\n[\/vc_column_text][\/vc_column][\/vc_row]\n<\/section>","protected":false},"excerpt":{"rendered":"<p>Cette ann\u00e9e en novembre, j\u2019ai eu la chance de pouvoir exposer au Salon du Chocolat \u00e0 Lyon. J&#8217;ai \u00e9t\u00e9 abord\u00e9e par un journaliste de Pluriel, voici l\u2019interview.<\/p>\n","protected":false},"author":3,"featured_media":1059,"comment_status":"open","ping_status":"open","sticky":false,"template":"","format":"standard","meta":{"_seopress_robots_primary_cat":"","_seopress_titles_title":"","_seopress_titles_desc":"Cette ann\u00e9e en novembre, j\u2019ai eu la chance de pouvoir exposer au Salon du Chocolat \u00e0 Lyon. J'ai \u00e9t\u00e9 abord\u00e9e par un journaliste de Pluriel, voici l\u2019interview.","_seopress_robots_index":"","om_disable_all_campaigns":false,"footnotes":""},"categories":[53],"tags":[69,70,67,68,66],"class_list":["post-1056","post","type-post","status-publish","format-standard","has-post-thumbnail","hentry","category-presse-karen-chocolat","tag-audio","tag-emission","tag-interview","tag-radio","tag-salon-du-chocolat"],"_links":{"self":[{"href":"https:\/\/www.lamaisondekarenchocolat.com\/en\/wp-json\/wp\/v2\/posts\/1056","targetHints":{"allow":["GET"]}}],"collection":[{"href":"https:\/\/www.lamaisondekarenchocolat.com\/en\/wp-json\/wp\/v2\/posts"}],"about":[{"href":"https:\/\/www.lamaisondekarenchocolat.com\/en\/wp-json\/wp\/v2\/types\/post"}],"author":[{"embeddable":true,"href":"https:\/\/www.lamaisondekarenchocolat.com\/en\/wp-json\/wp\/v2\/users\/3"}],"replies":[{"embeddable":true,"href":"https:\/\/www.lamaisondekarenchocolat.com\/en\/wp-json\/wp\/v2\/comments?post=1056"}],"version-history":[{"count":10,"href":"https:\/\/www.lamaisondekarenchocolat.com\/en\/wp-json\/wp\/v2\/posts\/1056\/revisions"}],"predecessor-version":[{"id":2736,"href":"https:\/\/www.lamaisondekarenchocolat.com\/en\/wp-json\/wp\/v2\/posts\/1056\/revisions\/2736"}],"wp:featuredmedia":[{"embeddable":true,"href":"https:\/\/www.lamaisondekarenchocolat.com\/en\/wp-json\/wp\/v2\/media\/1059"}],"wp:attachment":[{"href":"https:\/\/www.lamaisondekarenchocolat.com\/en\/wp-json\/wp\/v2\/media?parent=1056"}],"wp:term":[{"taxonomy":"category","embeddable":true,"href":"https:\/\/www.lamaisondekarenchocolat.com\/en\/wp-json\/wp\/v2\/categories?post=1056"},{"taxonomy":"post_tag","embeddable":true,"href":"https:\/\/www.lamaisondekarenchocolat.com\/en\/wp-json\/wp\/v2\/tags?post=1056"}],"curies":[{"name":"wp","href":"https:\/\/api.w.org\/{rel}","templated":true}]}}